{"id":6188,"date":"2023-12-18T22:43:49","date_gmt":"2023-12-18T21:43:49","guid":{"rendered":"https:\/\/csernyesuli.hu\/?p=6188"},"modified":"2023-12-18T22:44:57","modified_gmt":"2023-12-18T21:44:57","slug":"3-adventi-gyertya-gyujtas","status":"publish","type":"post","link":"https:\/\/csernyesuli.hu\/?p=6188","title":{"rendered":"3. adventi gyertyagy\u00fajt\u00e1s"},"content":{"rendered":"<p style=\"text-align: justify;\"><a href=\"https:\/\/csernyesuli.hu\/?attachment_id=6191\"><img loading=\"lazy\" decoding=\"async\" class=\"alignleft wp-image-6191 size-medium\" src=\"https:\/\/csernyesuli.hu\/wp-content\/uploads\/2023\/12\/410230819_7161411630591734_9111801544935970460_n-300x225.jpg\" alt=\"\" width=\"300\" height=\"225\" srcset=\"https:\/\/csernyesuli.hu\/wp-content\/uploads\/2023\/12\/410230819_7161411630591734_9111801544935970460_n-300x225.jpg 300w, https:\/\/csernyesuli.hu\/wp-content\/uploads\/2023\/12\/410230819_7161411630591734_9111801544935970460_n-100x75.jpg 100w, https:\/\/csernyesuli.hu\/wp-content\/uploads\/2023\/12\/410230819_7161411630591734_9111801544935970460_n-768x576.jpg 768w, https:\/\/csernyesuli.hu\/wp-content\/uploads\/2023\/12\/410230819_7161411630591734_9111801544935970460_n-1536x1152.jpg 1536w, https:\/\/csernyesuli.hu\/wp-content\/uploads\/2023\/12\/410230819_7161411630591734_9111801544935970460_n.jpg 2000w\" sizes=\"auto, (max-width: 300px) 100vw, 300px\" \/><\/a>Dasek Viktor katolikus pl\u00e9b\u00e1nos \u00far k\u00f6sz\u00f6nt\u0151 szavaival gy\u00fajtottuk meg advent 3. gyerty\u00e1j\u00e1t, az &#8222;\u00f6r\u00f6m&#8221; f\u00e9nyeit. Ezt k\u00f6vet\u0151en az SZMK kar\u00e1csonyi aj\u00e1nd\u00e9kkal lepte meg a d\u00e9lut\u00e1ni napk\u00f6zis, tanul\u00f3szob\u00e1s \u00e9s fejleszt\u0151 csoportokat. K\u00f6sz\u00f6nj\u00fck pl\u00e9b\u00e1nos \u00far szavait \u00e9s az SZMK-nak az aj\u00e1nd\u00e9kokat!<\/p>\n","protected":false},"excerpt":{"rendered":"<p>Dasek Viktor katolikus pl\u00e9b\u00e1nos \u00far k\u00f6sz\u00f6nt\u0151 szavaival gy\u00fajtottuk meg advent 3. gyerty\u00e1j\u00e1t, az &#8222;\u00f6r\u00f6m&#8221; f\u00e9nyeit. Ezt k\u00f6vet\u0151en az SZMK kar\u00e1csonyi aj\u00e1nd\u00e9kkal lepte meg a d\u00e9lut\u00e1ni napk\u00f6zis, tanul\u00f3szob\u00e1s \u00e9s fejleszt\u0151 csoportokat. K\u00f6sz\u00f6nj\u00fck pl\u00e9b\u00e1nos \u00far szavait \u00e9s az SZMK-nak az aj\u00e1nd\u00e9kokat!<\/p>\n","protected":false},"author":1,"featured_media":0,"comment_status":"closed","ping_status":"open","sticky":false,"template":"","format":"standard","meta":{"footnotes":""},"categories":[1],"tags":[],"class_list":["post-6188","post","type-post","status-publish","format-standard","hentry","category-nincs-kategorizalva"],"_links":{"self":[{"href":"https:\/\/csernyesuli.hu\/index.php?rest_route=\/wp\/v2\/posts\/6188","targetHints":{"allow":["GET"]}}],"collection":[{"href":"https:\/\/csernyesuli.hu\/index.php?rest_route=\/wp\/v2\/posts"}],"about":[{"href":"https:\/\/csernyesuli.hu\/index.php?rest_route=\/wp\/v2\/types\/post"}],"author":[{"embeddable":true,"href":"https:\/\/csernyesuli.hu\/index.php?rest_route=\/wp\/v2\/users\/1"}],"replies":[{"embeddable":true,"href":"https:\/\/csernyesuli.hu\/index.php?rest_route=%2Fwp%2Fv2%2Fcomments&post=6188"}],"version-history":[{"count":2,"href":"https:\/\/csernyesuli.hu\/index.php?rest_route=\/wp\/v2\/posts\/6188\/revisions"}],"predecessor-version":[{"id":6200,"href":"https:\/\/csernyesuli.hu\/index.php?rest_route=\/wp\/v2\/posts\/6188\/revisions\/6200"}],"wp:attachment":[{"href":"https:\/\/csernyesuli.hu\/index.php?rest_route=%2Fwp%2Fv2%2Fmedia&parent=6188"}],"wp:term":[{"taxonomy":"category","embeddable":true,"href":"https:\/\/csernyesuli.hu\/index.php?rest_route=%2Fwp%2Fv2%2Fcategories&post=6188"},{"taxonomy":"post_tag","embeddable":true,"href":"https:\/\/csernyesuli.hu\/index.php?rest_route=%2Fwp%2Fv2%2Ftags&post=6188"}],"curies":[{"name":"wp","href":"https:\/\/api.w.org\/{rel}","templated":true}]}}