{"id":4948,"date":"2022-12-15T11:15:32","date_gmt":"2022-12-15T10:15:32","guid":{"rendered":"https:\/\/csernyesuli.hu\/?p=4948"},"modified":"2022-12-15T11:16:07","modified_gmt":"2022-12-15T10:16:07","slug":"zeneiskolasok-koncertje","status":"publish","type":"post","link":"https:\/\/csernyesuli.hu\/?p=4948","title":{"rendered":"Zeneiskol\u00e1sok koncertje"},"content":{"rendered":"<p style=\"text-align: justify;\"><a href=\"https:\/\/csernyesuli.hu\/?attachment_id=4951\"><img loading=\"lazy\" decoding=\"async\" class=\"alignleft wp-image-4951 size-medium\" src=\"https:\/\/csernyesuli.hu\/wp-content\/uploads\/2022\/12\/320275785_1379917819412513_462764350326748933_n-300x225.jpg\" alt=\"\" width=\"300\" height=\"225\" srcset=\"https:\/\/csernyesuli.hu\/wp-content\/uploads\/2022\/12\/320275785_1379917819412513_462764350326748933_n-300x225.jpg 300w, https:\/\/csernyesuli.hu\/wp-content\/uploads\/2022\/12\/320275785_1379917819412513_462764350326748933_n-100x75.jpg 100w, https:\/\/csernyesuli.hu\/wp-content\/uploads\/2022\/12\/320275785_1379917819412513_462764350326748933_n-768x576.jpg 768w, https:\/\/csernyesuli.hu\/wp-content\/uploads\/2022\/12\/320275785_1379917819412513_462764350326748933_n-1536x1152.jpg 1536w, https:\/\/csernyesuli.hu\/wp-content\/uploads\/2022\/12\/320275785_1379917819412513_462764350326748933_n.jpg 2048w\" sizes=\"auto, (max-width: 300px) 100vw, 300px\" \/><\/a>Zeneiskol\u00e1s tanul\u00f3ink a kar\u00e1csonyi koncerten fantasztikus \u00e9lm\u00e9nyben r\u00e9szes\u00edtettek minket! Gratul\u00e1lunk \u00e9s k\u00f6sz\u00f6nj\u00fck minden di\u00e1kunknak \u00e9s felk\u00e9sz\u00edt\u0151iknek a M\u00f3ri P\u00e1szti Mikl\u00f3s Zeneiskola tan\u00e1rainak. K\u00f6sz\u00f6nj\u00fck a P\u00fcnk\u00f6sdi gy\u00fclekezetnek a csod\u00e1latos helysz\u00ednt!<\/p>\n","protected":false},"excerpt":{"rendered":"<p>Zeneiskol\u00e1s tanul\u00f3ink a kar\u00e1csonyi koncerten fantasztikus \u00e9lm\u00e9nyben r\u00e9szes\u00edtettek minket! Gratul\u00e1lunk \u00e9s k\u00f6sz\u00f6nj\u00fck minden di\u00e1kunknak \u00e9s felk\u00e9sz\u00edt\u0151iknek a M\u00f3ri P\u00e1szti Mikl\u00f3s Zeneiskola tan\u00e1rainak. K\u00f6sz\u00f6nj\u00fck a P\u00fcnk\u00f6sdi gy\u00fclekezetnek a csod\u00e1latos helysz\u00ednt!<\/p>\n","protected":false},"author":1,"featured_media":0,"comment_status":"closed","ping_status":"open","sticky":false,"template":"","format":"standard","meta":{"footnotes":""},"categories":[1],"tags":[],"class_list":["post-4948","post","type-post","status-publish","format-standard","hentry","category-nincs-kategorizalva"],"_links":{"self":[{"href":"https:\/\/csernyesuli.hu\/index.php?rest_route=\/wp\/v2\/posts\/4948","targetHints":{"allow":["GET"]}}],"collection":[{"href":"https:\/\/csernyesuli.hu\/index.php?rest_route=\/wp\/v2\/posts"}],"about":[{"href":"https:\/\/csernyesuli.hu\/index.php?rest_route=\/wp\/v2\/types\/post"}],"author":[{"embeddable":true,"href":"https:\/\/csernyesuli.hu\/index.php?rest_route=\/wp\/v2\/users\/1"}],"replies":[{"embeddable":true,"href":"https:\/\/csernyesuli.hu\/index.php?rest_route=%2Fwp%2Fv2%2Fcomments&post=4948"}],"version-history":[{"count":1,"href":"https:\/\/csernyesuli.hu\/index.php?rest_route=\/wp\/v2\/posts\/4948\/revisions"}],"predecessor-version":[{"id":4954,"href":"https:\/\/csernyesuli.hu\/index.php?rest_route=\/wp\/v2\/posts\/4948\/revisions\/4954"}],"wp:attachment":[{"href":"https:\/\/csernyesuli.hu\/index.php?rest_route=%2Fwp%2Fv2%2Fmedia&parent=4948"}],"wp:term":[{"taxonomy":"category","embeddable":true,"href":"https:\/\/csernyesuli.hu\/index.php?rest_route=%2Fwp%2Fv2%2Fcategories&post=4948"},{"taxonomy":"post_tag","embeddable":true,"href":"https:\/\/csernyesuli.hu\/index.php?rest_route=%2Fwp%2Fv2%2Ftags&post=4948"}],"curies":[{"name":"wp","href":"https:\/\/api.w.org\/{rel}","templated":true}]}}